{"id":123,"date":"2024-05-10T09:03:44","date_gmt":"2024-05-10T09:03:44","guid":{"rendered":"https:\/\/denkraum42.de\/?p=123"},"modified":"2024-05-10T09:03:44","modified_gmt":"2024-05-10T09:03:44","slug":"probleme-kann-man-nicht-isoliert-betrachten","status":"publish","type":"post","link":"https:\/\/denkraum42.de\/?p=123","title":{"rendered":"Probleme kann man nicht isoliert betrachten"},"content":{"rendered":"\n<p>&#8222;Ich habe da ein Problem mit&#8230;.., kannst du mir das mal schnell weg machen?&#8220; oder &#8222;In unserer Firma gibt es einen Konflikt, machen Sie mal kurz ein Konflikttraining&#8220; (bei dem die vom Konflikt betroffene F\u00fchrungskraft noch nicht einmal anwesend war).<\/p>\n\n\n\n<p>K\u00fcrzlich erlebte ich in einem Erbschaftsstreit sogar die Aussage eines Rechtsanwaltes mit Mediationsausbildung: &#8222;Emotionen haben hier nichts zu suchen!&#8220;.<\/p>\n\n\n\n<p>Es zieht sich wie ein roter Faden durch. Und ich habe den Eindruck, diese Herangehensweise an Probleme, verst\u00e4rkt sich noch.<\/p>\n\n\n\n<div class=\"wp-block-media-text is-stacked-on-mobile\"><figure class=\"wp-block-media-text__media\"><img loading=\"lazy\" decoding=\"async\" width=\"640\" height=\"415\" src=\"https:\/\/denkraum42.de\/wp-content\/uploads\/2024\/05\/traffic-light-466950_640.jpg\" alt=\"\" class=\"wp-image-125 size-full\" srcset=\"https:\/\/denkraum42.de\/wp-content\/uploads\/2024\/05\/traffic-light-466950_640.jpg 640w, https:\/\/denkraum42.de\/wp-content\/uploads\/2024\/05\/traffic-light-466950_640-300x195.jpg 300w\" sizes=\"auto, (max-width: 640px) 100vw, 640px\" \/><\/figure><div class=\"wp-block-media-text__content\">\n<p>Die Hauptschulen sind das Problem &#8211; als L\u00f6sung wurden die Hauptschulen abgeschafft.<\/p>\n\n\n\n<p>Die Kosten im Gesundheitswesen sind zu hoch &#8211; als L\u00f6sung werden Krankenh\u00e4user geschlossen<\/p>\n\n\n\n<p>Die Gewerkschaften sind das Problem &#8211; als L\u00f6sung werden sie abgeschafft<\/p>\n\n\n\n<p>Das Konfliktpotential in den sozialen Medien steigt &#8211; als L\u00f6sung wird Zensur ausge\u00fcbt<\/p>\n\n\n\n<p><\/p>\n<\/div><\/div>\n\n\n\n<p>Die Rechten sind das Problem. Vor einigen Jahren waren die Linken das Problem. Die Armen sind das Problem. Die Reichen sind das Problem. Die Alten. Die Jungen. Die Ungebildeten. Das Wetter. Das Klima.<\/p>\n\n\n\n<h3 class=\"wp-block-heading\">Die Liste ist lang. Die L\u00f6sung immer gleich: Es wird etwas abgeschafft, eingeschr\u00e4nkt, geregelt. Alles sch\u00f6n aufger\u00e4umt, direkt aus dem hippen Denken. So als w\u00e4ren Probleme etwas, das kurzfristig aus dem Boden sprie\u00dft und nur ausgemerzt oder aufgehoben werden muss und schwupp, ist das Problem gel\u00f6st.<\/h3>\n\n\n\n<h2 class=\"wp-block-heading\">Was immer noch nicht bemerkt wird, ist, dass das eigentliche Problem dieses Denken selbst ist und die daraus folgende Methode, mit Problemen umzugehen.<\/h2>\n\n\n\n<h2 class=\"wp-block-heading\">Doch Probleme sind nicht so einfach. Sie haben einen Kontext, einen ganzen Ursachenzusammenhang und oft liegen dahinter noch weitere Ursachen. Und wenn wir ein Problem l\u00f6sen, reparieren wir nicht nur etwas. Wir schaffen einen v\u00f6llig neuen Kontext und eine neue Kette von Ereignissen, die als Ursache f\u00fcr andere Dinge nachwirken.<\/h2>\n\n\n\n<h1 class=\"wp-block-heading\">Unsere Probleme von heute, sind unsere L\u00f6sungen von gestern.<\/h1>\n\n\n\n<h3 class=\"wp-block-heading\">Daher k\u00f6nnen Probleme nicht einfach isoliert betrachtet und auch nicht nach L\u00f6sungen gesucht werden. Wenn dies geschieht, verursachen die &#8222;L\u00f6sungen&#8220; oft mehr Probleme als sie l\u00f6sen sollten.<\/h3>\n\n\n\n<h3 class=\"wp-block-heading\">Die weit und leider immer noch etablierte Problemisolation und Suche nach schnellen L\u00f6sungen, entstammt einem Newtonschen Weltbild, weil es (gr\u00f6\u00dftenteils unbewusst) auf dem mechanistischen Denken von Issac Newton basiert. Er stellte sich vor, dass die Welt aus einzelnen Atomen bestehe, jedes isoliert in seinem eigenen Raum und seiner eigenen Zeit und unbeeinflusst von seiner Umgebung. Atome k\u00f6nnten zwar ein paar &#8222;Kratzer&#8220; bekommen, wenn sie mit anderen Atomen zusammensto\u00dfen, aber diese Begegnungen haben sie nicht wesentlich ver\u00e4ndert.<\/h3>\n\n\n\n<p>Das Newtonsche Denken fand in den n\u00e4chsten 300 Jahren Eingang in die Arbeit fast aller Denker in Psychologie, Politik, Wirtschaft und Management.<\/p>\n\n\n\n<p>Sp\u00e4tere Generationen haben es mit der Muttermilch aufgesogen. Es hat zu vielen katastrophalen &#8222;L\u00f6sungen&#8220; sowohl bei der Probleml\u00f6sung als auch bei der Konfliktl\u00f6sung gef\u00fchrt.<\/p>\n\n\n\n<div class=\"wp-block-media-text is-stacked-on-mobile\"><figure class=\"wp-block-media-text__media\"><img loading=\"lazy\" decoding=\"async\" width=\"640\" height=\"640\" src=\"https:\/\/denkraum42.de\/wp-content\/uploads\/2024\/05\/goldfish-4063043_640.png\" alt=\"\" class=\"wp-image-124 size-full\" srcset=\"https:\/\/denkraum42.de\/wp-content\/uploads\/2024\/05\/goldfish-4063043_640.png 640w, https:\/\/denkraum42.de\/wp-content\/uploads\/2024\/05\/goldfish-4063043_640-300x300.png 300w, https:\/\/denkraum42.de\/wp-content\/uploads\/2024\/05\/goldfish-4063043_640-150x150.png 150w, https:\/\/denkraum42.de\/wp-content\/uploads\/2024\/05\/goldfish-4063043_640-100x100.png 100w\" sizes=\"auto, (max-width: 640px) 100vw, 640px\" \/><\/figure><div class=\"wp-block-media-text__content\">\n<p>Stelle dir vor, du bist ein Goldfisch im Glas. Das kennst du seit Jahren. Dieses Glas und seine Innenausstattung ist deine Welt. Und du denkst, das w\u00e4re bereits die gesamte Welt. Es ist das, was du kennst. Alles darin ist f\u00fcr dich selbstverst\u00e4ndlich und du denkst, jeder hat so ein Glas &#8211; also das gleiche Weltbild und Weltverst\u00e4ndnis.<\/p>\n\n\n\n<p><\/p>\n<\/div><\/div>\n\n\n\n<h2 class=\"wp-block-heading\">Die Fische werden das Wasser zuletzt entdecken. So eine uralte systemische Weisheit.<\/h2>\n\n\n\n<p>Erst wenn der Goldfisch es wagt, einmal aus dem Glas heraus zu springen, kann er das Glas entdecken und damit seine eigene Weltbeschr\u00e4nkung.<\/p>\n\n\n\n<h2 class=\"wp-block-heading\">Das Gleiche gilt f\u00fcr unser Denken. Lernen, das Denken hinter dem Denken zu entdecken. Dann k\u00f6nnen wir wirklich etwas ver\u00e4ndern.<\/h2>\n\n\n\n<p>So sind auch Arme, Ungebildete, Rechte, Linke, Gewerkschafter, Kritiker, Menschen die in prek\u00e4ren sozialen Situationen leben, M\u00e4nner, Frauen, Ehepartner, Kinder&#8230;&#8230;. Teil eines Lebens des Systems in dem wir leben. Die Aufz\u00e4hlung ist gerade willk\u00fcrlich gew\u00e4hlt. Was sie jedoch gemeinsam haben: All die, die man gerade &#8211; je nach Gusto &#8211; zum Problem erkl\u00e4rt, sind echte Menschen mit echten Problemen, die auf zu schnellen L\u00f6sungen reagieren.<\/p>\n\n\n\n<h2 class=\"wp-block-heading\">Wenn wir all das als Problem betrachten, das schnell gel\u00f6st werden muss, ignorieren wir die Gefahr den gesamten reichen und komplexen Kontext pers\u00f6nlicher, sozialer und wirtschaftlicher Faktoren zu ignorieren.<\/h2>\n\n\n\n<h2 class=\"wp-block-heading\">Wenn ich mit Menschen zusammenarbeite, fordere ich sie auf, bei der Probleml\u00f6sung und Konfliktl\u00f6sung einen eher &#8222;quantitativen&#8220; oder integralen Ansatz zu verfolgen. Die Quantenphysik, die die Newtonsche Physik als genaueste Betrachtung der Realit\u00e4t, abgel\u00f6st hat, sagt uns, dass nichts im Universum isoliert existiert, dass es so etwas wie Trennung nicht gibt.<\/h2>\n\n\n\n<div class=\"wp-block-media-text is-stacked-on-mobile\"><figure class=\"wp-block-media-text__media\"><img loading=\"lazy\" decoding=\"async\" width=\"1024\" height=\"767\" src=\"https:\/\/denkraum42.de\/wp-content\/uploads\/2024\/05\/ai-generated-8130779_1920-1024x767.jpg\" alt=\"\" class=\"wp-image-127 size-full\" srcset=\"https:\/\/denkraum42.de\/wp-content\/uploads\/2024\/05\/ai-generated-8130779_1920-1024x767.jpg 1024w, https:\/\/denkraum42.de\/wp-content\/uploads\/2024\/05\/ai-generated-8130779_1920-300x225.jpg 300w, https:\/\/denkraum42.de\/wp-content\/uploads\/2024\/05\/ai-generated-8130779_1920-768x575.jpg 768w, https:\/\/denkraum42.de\/wp-content\/uploads\/2024\/05\/ai-generated-8130779_1920-1536x1150.jpg 1536w, https:\/\/denkraum42.de\/wp-content\/uploads\/2024\/05\/ai-generated-8130779_1920-1320x989.jpg 1320w, https:\/\/denkraum42.de\/wp-content\/uploads\/2024\/05\/ai-generated-8130779_1920.jpg 1920w\" sizes=\"auto, (max-width: 767px) 89vw, (max-width: 1000px) 54vw, (max-width: 1071px) 543px, 580px\" \/><\/figure><div class=\"wp-block-media-text__content\">\n<p>Alles was existiert, ist mit allem anderen verstrickt und zwar so tief, dass die innere Natur eines Quantenbits durch seinen Kontext definiert wird. Setze es in einen anderen Kontext und du erh\u00e4ltst etwas anderes. Dar\u00fcber hinaus sind Probleme auch nicht nur &#8222;da drau\u00dfen&#8220; und k\u00f6nnen manipuliert werden.<\/p>\n\n\n\n<p>Wir sind immer Teil des Problems und werden auch Teil der gew\u00e4hlten L\u00f6sung sein.<\/p>\n<\/div><\/div>\n\n\n\n<h2 class=\"wp-block-heading\">Der Quantenwissenschaftler wei\u00df, dass der Beobachter entscheidet, was er beobachten kann und dass die Fragen, die er stellt, die Antworten bestimmen, die er erh\u00e4lt. Wenn er andere Fragen stellt, erh\u00e4lt er andere Antworten.<\/h2>\n\n\n\n<h2 class=\"wp-block-heading\">Und wir k\u00f6nnen Probleme nicht mit dem gleichen Denken l\u00f6sen, mit dem sie entstanden sind.<\/h2>\n","protected":false},"excerpt":{"rendered":"<p>Probleme sind nicht so einfach. Sie haben einen Kontext, einen ganzen Ursachenzusammenhang und oft liegen dahinter noch weitere Ursachen. Daher k\u00f6nnen Probleme nicht einfach isoliert betrachtet und auch nicht nach L\u00f6sungen gesucht werden. Wenn dies geschieht, verursachen die &#8222;L\u00f6sungen&#8220; oft mehr Probleme als sie l\u00f6sen sollten.<\/p>\n","protected":false},"author":1,"featured_media":126,"comment_status":"closed","ping_status":"open","sticky":false,"template":"","format":"gallery","meta":{"footnotes":""},"categories":[1],"tags":[19,21,18,17,20],"class_list":["post-123","post","type-post","status-publish","format-gallery","has-post-thumbnail","hentry","category-uncategorized","tag-denken","tag-integral","tag-loesungen","tag-probleme","tag-quantendenken","post_format-post-format-gallery"],"yoast_head":"<!-- This site is optimized with the Yoast SEO plugin v22.6 - https:\/\/yoast.com\/wordpress\/plugins\/seo\/ -->\n<title>Probleme kann man nicht isoliert betrachten - Denkraum 42<\/title>\n<meta name=\"description\" content=\"Probleme sind nicht so einfach. Sie haben einen Kontext, einen ganzen Ursachenzusammenhang und oft liegen dahinter noch weitere Ursachen.\" \/>\n<meta name=\"robots\" content=\"index, follow, max-snippet:-1, max-image-preview:large, max-video-preview:-1\" \/>\n<link rel=\"canonical\" href=\"https:\/\/denkraum42.de\/?p=123\" \/>\n<meta property=\"og:locale\" content=\"de_DE\" \/>\n<meta property=\"og:type\" content=\"article\" \/>\n<meta property=\"og:title\" content=\"Probleme kann man nicht isoliert betrachten - Denkraum 42\" \/>\n<meta property=\"og:description\" content=\"Probleme sind nicht so einfach. Sie haben einen Kontext, einen ganzen Ursachenzusammenhang und oft liegen dahinter noch weitere Ursachen.\" \/>\n<meta property=\"og:url\" content=\"https:\/\/denkraum42.de\/?p=123\" \/>\n<meta property=\"og:site_name\" content=\"Denkraum 42\" \/>\n<meta property=\"article:published_time\" content=\"2024-05-10T09:03:44+00:00\" \/>\n<meta property=\"og:image\" content=\"https:\/\/denkraum42.de\/wp-content\/uploads\/2024\/05\/ai-generated-8286112_1920.jpg\" \/>\n\t<meta property=\"og:image:width\" content=\"1920\" \/>\n\t<meta property=\"og:image:height\" content=\"1084\" \/>\n\t<meta property=\"og:image:type\" content=\"image\/jpeg\" \/>\n<meta name=\"author\" content=\"AlexandraStoehr\" \/>\n<meta name=\"twitter:card\" content=\"summary_large_image\" \/>\n<meta name=\"twitter:label1\" content=\"Verfasst von\" \/>\n\t<meta name=\"twitter:data1\" content=\"AlexandraStoehr\" \/>\n\t<meta name=\"twitter:label2\" content=\"Gesch\u00e4tzte Lesezeit\" \/>\n\t<meta name=\"twitter:data2\" content=\"6\u00a0Minuten\" \/>\n<script type=\"application\/ld+json\" class=\"yoast-schema-graph\">{\"@context\":\"https:\/\/schema.org\",\"@graph\":[{\"@type\":\"Article\",\"@id\":\"https:\/\/denkraum42.de\/?p=123#article\",\"isPartOf\":{\"@id\":\"https:\/\/denkraum42.de\/?p=123\"},\"author\":{\"name\":\"AlexandraStoehr\",\"@id\":\"https:\/\/denkraum42.de\/#\/schema\/person\/ea008fe534c39d078e82e0cdb04eab9b\"},\"headline\":\"Probleme kann man nicht isoliert betrachten\",\"datePublished\":\"2024-05-10T09:03:44+00:00\",\"dateModified\":\"2024-05-10T09:03:44+00:00\",\"mainEntityOfPage\":{\"@id\":\"https:\/\/denkraum42.de\/?p=123\"},\"wordCount\":876,\"publisher\":{\"@id\":\"https:\/\/denkraum42.de\/#organization\"},\"image\":{\"@id\":\"https:\/\/denkraum42.de\/?p=123#primaryimage\"},\"thumbnailUrl\":\"https:\/\/denkraum42.de\/wp-content\/uploads\/2024\/05\/ai-generated-8286112_1920.jpg\",\"keywords\":[\"Denken\",\"integral\",\"L\u00f6sungen\",\"Probleme\",\"Quantendenken\"],\"articleSection\":[\"Uncategorized\"],\"inLanguage\":\"de\"},{\"@type\":\"WebPage\",\"@id\":\"https:\/\/denkraum42.de\/?p=123\",\"url\":\"https:\/\/denkraum42.de\/?p=123\",\"name\":\"Probleme kann man nicht isoliert betrachten - Denkraum 42\",\"isPartOf\":{\"@id\":\"https:\/\/denkraum42.de\/#website\"},\"primaryImageOfPage\":{\"@id\":\"https:\/\/denkraum42.de\/?p=123#primaryimage\"},\"image\":{\"@id\":\"https:\/\/denkraum42.de\/?p=123#primaryimage\"},\"thumbnailUrl\":\"https:\/\/denkraum42.de\/wp-content\/uploads\/2024\/05\/ai-generated-8286112_1920.jpg\",\"datePublished\":\"2024-05-10T09:03:44+00:00\",\"dateModified\":\"2024-05-10T09:03:44+00:00\",\"description\":\"Probleme sind nicht so einfach. Sie haben einen Kontext, einen ganzen Ursachenzusammenhang und oft liegen dahinter noch weitere Ursachen.\",\"breadcrumb\":{\"@id\":\"https:\/\/denkraum42.de\/?p=123#breadcrumb\"},\"inLanguage\":\"de\",\"potentialAction\":[{\"@type\":\"ReadAction\",\"target\":[\"https:\/\/denkraum42.de\/?p=123\"]}]},{\"@type\":\"ImageObject\",\"inLanguage\":\"de\",\"@id\":\"https:\/\/denkraum42.de\/?p=123#primaryimage\",\"url\":\"https:\/\/denkraum42.de\/wp-content\/uploads\/2024\/05\/ai-generated-8286112_1920.jpg\",\"contentUrl\":\"https:\/\/denkraum42.de\/wp-content\/uploads\/2024\/05\/ai-generated-8286112_1920.jpg\",\"width\":1920,\"height\":1084},{\"@type\":\"BreadcrumbList\",\"@id\":\"https:\/\/denkraum42.de\/?p=123#breadcrumb\",\"itemListElement\":[{\"@type\":\"ListItem\",\"position\":1,\"name\":\"Startseite\",\"item\":\"https:\/\/denkraum42.de\/\"},{\"@type\":\"ListItem\",\"position\":2,\"name\":\"Probleme kann man nicht isoliert betrachten\"}]},{\"@type\":\"WebSite\",\"@id\":\"https:\/\/denkraum42.de\/#website\",\"url\":\"https:\/\/denkraum42.de\/\",\"name\":\"Denkraum 42\",\"description\":\"Echte Transformation und integraler Wandel. Entwicklung evolution\u00e4r gestalten.\",\"publisher\":{\"@id\":\"https:\/\/denkraum42.de\/#organization\"},\"potentialAction\":[{\"@type\":\"SearchAction\",\"target\":{\"@type\":\"EntryPoint\",\"urlTemplate\":\"https:\/\/denkraum42.de\/?s={search_term_string}\"},\"query-input\":\"required name=search_term_string\"}],\"inLanguage\":\"de\"},{\"@type\":\"Organization\",\"@id\":\"https:\/\/denkraum42.de\/#organization\",\"name\":\"Denkraum 42\",\"url\":\"https:\/\/denkraum42.de\/\",\"logo\":{\"@type\":\"ImageObject\",\"inLanguage\":\"de\",\"@id\":\"https:\/\/denkraum42.de\/#\/schema\/logo\/image\/\",\"url\":\"https:\/\/denkraum42.de\/wp-content\/uploads\/2024\/05\/cropped-cropped-triskell-1193998_1920.png\",\"contentUrl\":\"https:\/\/denkraum42.de\/wp-content\/uploads\/2024\/05\/cropped-cropped-triskell-1193998_1920.png\",\"width\":250,\"height\":250,\"caption\":\"Denkraum 42\"},\"image\":{\"@id\":\"https:\/\/denkraum42.de\/#\/schema\/logo\/image\/\"}},{\"@type\":\"Person\",\"@id\":\"https:\/\/denkraum42.de\/#\/schema\/person\/ea008fe534c39d078e82e0cdb04eab9b\",\"name\":\"AlexandraStoehr\",\"image\":{\"@type\":\"ImageObject\",\"inLanguage\":\"de\",\"@id\":\"https:\/\/denkraum42.de\/#\/schema\/person\/image\/\",\"url\":\"https:\/\/secure.gravatar.com\/avatar\/60ec79ee6c7200ae79874c00c7fa664792ecae17cbcc5a996045018a5e69281f?s=96&d=mm&r=g\",\"contentUrl\":\"https:\/\/secure.gravatar.com\/avatar\/60ec79ee6c7200ae79874c00c7fa664792ecae17cbcc5a996045018a5e69281f?s=96&d=mm&r=g\",\"caption\":\"AlexandraStoehr\"},\"sameAs\":[\"https:\/\/denkraum42.de\"],\"url\":\"https:\/\/denkraum42.de\/?author=1\"}]}<\/script>\n<!-- \/ Yoast SEO plugin. -->","yoast_head_json":{"title":"Probleme kann man nicht isoliert betrachten - Denkraum 42","description":"Probleme sind nicht so einfach. Sie haben einen Kontext, einen ganzen Ursachenzusammenhang und oft liegen dahinter noch weitere Ursachen.","robots":{"index":"index","follow":"follow","max-snippet":"max-snippet:-1","max-image-preview":"max-image-preview:large","max-video-preview":"max-video-preview:-1"},"canonical":"https:\/\/denkraum42.de\/?p=123","og_locale":"de_DE","og_type":"article","og_title":"Probleme kann man nicht isoliert betrachten - Denkraum 42","og_description":"Probleme sind nicht so einfach. Sie haben einen Kontext, einen ganzen Ursachenzusammenhang und oft liegen dahinter noch weitere Ursachen.","og_url":"https:\/\/denkraum42.de\/?p=123","og_site_name":"Denkraum 42","article_published_time":"2024-05-10T09:03:44+00:00","og_image":[{"width":1920,"height":1084,"url":"https:\/\/denkraum42.de\/wp-content\/uploads\/2024\/05\/ai-generated-8286112_1920.jpg","type":"image\/jpeg"}],"author":"AlexandraStoehr","twitter_card":"summary_large_image","twitter_misc":{"Verfasst von":"AlexandraStoehr","Gesch\u00e4tzte Lesezeit":"6\u00a0Minuten"},"schema":{"@context":"https:\/\/schema.org","@graph":[{"@type":"Article","@id":"https:\/\/denkraum42.de\/?p=123#article","isPartOf":{"@id":"https:\/\/denkraum42.de\/?p=123"},"author":{"name":"AlexandraStoehr","@id":"https:\/\/denkraum42.de\/#\/schema\/person\/ea008fe534c39d078e82e0cdb04eab9b"},"headline":"Probleme kann man nicht isoliert betrachten","datePublished":"2024-05-10T09:03:44+00:00","dateModified":"2024-05-10T09:03:44+00:00","mainEntityOfPage":{"@id":"https:\/\/denkraum42.de\/?p=123"},"wordCount":876,"publisher":{"@id":"https:\/\/denkraum42.de\/#organization"},"image":{"@id":"https:\/\/denkraum42.de\/?p=123#primaryimage"},"thumbnailUrl":"https:\/\/denkraum42.de\/wp-content\/uploads\/2024\/05\/ai-generated-8286112_1920.jpg","keywords":["Denken","integral","L\u00f6sungen","Probleme","Quantendenken"],"articleSection":["Uncategorized"],"inLanguage":"de"},{"@type":"WebPage","@id":"https:\/\/denkraum42.de\/?p=123","url":"https:\/\/denkraum42.de\/?p=123","name":"Probleme kann man nicht isoliert betrachten - Denkraum 42","isPartOf":{"@id":"https:\/\/denkraum42.de\/#website"},"primaryImageOfPage":{"@id":"https:\/\/denkraum42.de\/?p=123#primaryimage"},"image":{"@id":"https:\/\/denkraum42.de\/?p=123#primaryimage"},"thumbnailUrl":"https:\/\/denkraum42.de\/wp-content\/uploads\/2024\/05\/ai-generated-8286112_1920.jpg","datePublished":"2024-05-10T09:03:44+00:00","dateModified":"2024-05-10T09:03:44+00:00","description":"Probleme sind nicht so einfach. Sie haben einen Kontext, einen ganzen Ursachenzusammenhang und oft liegen dahinter noch weitere Ursachen.","breadcrumb":{"@id":"https:\/\/denkraum42.de\/?p=123#breadcrumb"},"inLanguage":"de","potentialAction":[{"@type":"ReadAction","target":["https:\/\/denkraum42.de\/?p=123"]}]},{"@type":"ImageObject","inLanguage":"de","@id":"https:\/\/denkraum42.de\/?p=123#primaryimage","url":"https:\/\/denkraum42.de\/wp-content\/uploads\/2024\/05\/ai-generated-8286112_1920.jpg","contentUrl":"https:\/\/denkraum42.de\/wp-content\/uploads\/2024\/05\/ai-generated-8286112_1920.jpg","width":1920,"height":1084},{"@type":"BreadcrumbList","@id":"https:\/\/denkraum42.de\/?p=123#breadcrumb","itemListElement":[{"@type":"ListItem","position":1,"name":"Startseite","item":"https:\/\/denkraum42.de\/"},{"@type":"ListItem","position":2,"name":"Probleme kann man nicht isoliert betrachten"}]},{"@type":"WebSite","@id":"https:\/\/denkraum42.de\/#website","url":"https:\/\/denkraum42.de\/","name":"Denkraum 42","description":"Echte Transformation und integraler Wandel. Entwicklung evolution\u00e4r gestalten.","publisher":{"@id":"https:\/\/denkraum42.de\/#organization"},"potentialAction":[{"@type":"SearchAction","target":{"@type":"EntryPoint","urlTemplate":"https:\/\/denkraum42.de\/?s={search_term_string}"},"query-input":"required name=search_term_string"}],"inLanguage":"de"},{"@type":"Organization","@id":"https:\/\/denkraum42.de\/#organization","name":"Denkraum 42","url":"https:\/\/denkraum42.de\/","logo":{"@type":"ImageObject","inLanguage":"de","@id":"https:\/\/denkraum42.de\/#\/schema\/logo\/image\/","url":"https:\/\/denkraum42.de\/wp-content\/uploads\/2024\/05\/cropped-cropped-triskell-1193998_1920.png","contentUrl":"https:\/\/denkraum42.de\/wp-content\/uploads\/2024\/05\/cropped-cropped-triskell-1193998_1920.png","width":250,"height":250,"caption":"Denkraum 42"},"image":{"@id":"https:\/\/denkraum42.de\/#\/schema\/logo\/image\/"}},{"@type":"Person","@id":"https:\/\/denkraum42.de\/#\/schema\/person\/ea008fe534c39d078e82e0cdb04eab9b","name":"AlexandraStoehr","image":{"@type":"ImageObject","inLanguage":"de","@id":"https:\/\/denkraum42.de\/#\/schema\/person\/image\/","url":"https:\/\/secure.gravatar.com\/avatar\/60ec79ee6c7200ae79874c00c7fa664792ecae17cbcc5a996045018a5e69281f?s=96&d=mm&r=g","contentUrl":"https:\/\/secure.gravatar.com\/avatar\/60ec79ee6c7200ae79874c00c7fa664792ecae17cbcc5a996045018a5e69281f?s=96&d=mm&r=g","caption":"AlexandraStoehr"},"sameAs":["https:\/\/denkraum42.de"],"url":"https:\/\/denkraum42.de\/?author=1"}]}},"_links":{"self":[{"href":"https:\/\/denkraum42.de\/index.php?rest_route=\/wp\/v2\/posts\/123","targetHints":{"allow":["GET"]}}],"collection":[{"href":"https:\/\/denkraum42.de\/index.php?rest_route=\/wp\/v2\/posts"}],"about":[{"href":"https:\/\/denkraum42.de\/index.php?rest_route=\/wp\/v2\/types\/post"}],"author":[{"embeddable":true,"href":"https:\/\/denkraum42.de\/index.php?rest_route=\/wp\/v2\/users\/1"}],"replies":[{"embeddable":true,"href":"https:\/\/denkraum42.de\/index.php?rest_route=%2Fwp%2Fv2%2Fcomments&post=123"}],"version-history":[{"count":1,"href":"https:\/\/denkraum42.de\/index.php?rest_route=\/wp\/v2\/posts\/123\/revisions"}],"predecessor-version":[{"id":128,"href":"https:\/\/denkraum42.de\/index.php?rest_route=\/wp\/v2\/posts\/123\/revisions\/128"}],"wp:featuredmedia":[{"embeddable":true,"href":"https:\/\/denkraum42.de\/index.php?rest_route=\/wp\/v2\/media\/126"}],"wp:attachment":[{"href":"https:\/\/denkraum42.de\/index.php?rest_route=%2Fwp%2Fv2%2Fmedia&parent=123"}],"wp:term":[{"taxonomy":"category","embeddable":true,"href":"https:\/\/denkraum42.de\/index.php?rest_route=%2Fwp%2Fv2%2Fcategories&post=123"},{"taxonomy":"post_tag","embeddable":true,"href":"https:\/\/denkraum42.de\/index.php?rest_route=%2Fwp%2Fv2%2Ftags&post=123"}],"curies":[{"name":"wp","href":"https:\/\/api.w.org\/{rel}","templated":true}]}}