{"id":577,"date":"2025-03-16T12:21:27","date_gmt":"2025-03-16T12:21:27","guid":{"rendered":"https:\/\/denkraum42.de\/?p=577"},"modified":"2025-03-16T12:21:28","modified_gmt":"2025-03-16T12:21:28","slug":"integrales-denken-als-schluessel-zur-loesung-komplexer-probleme-in-unsicheren-zeiten","status":"publish","type":"post","link":"https:\/\/denkraum42.de\/?p=577","title":{"rendered":"Integrales Denken als Schl\u00fcssel zur L\u00f6sung komplexer Probleme in unsicheren Zeiten"},"content":{"rendered":"\n<h2 class=\"wp-block-heading\">In einer Welt, die von Unsicherheit, Komplexit\u00e4t und st\u00e4ndigen Ver\u00e4nderungen gepr\u00e4gt ist, stehen wir vor Herausforderungen, die oft \u00fcber das hinausgehen, was traditionelle Denkans\u00e4tze bew\u00e4ltigen k\u00f6nnen.<\/h2>\n\n\n\n<p>Ob es sich um gesellschaftliche Spannungen, Umweltkrisen oder wirtschaftliche Unsicherheiten handelt \u2013 die Probleme, mit denen wir konfrontiert sind, sind vielschichtig und erfordern innovative L\u00f6sungen. Hier kommt das integrale Denken ins Spiel.<br><br><strong>Was ist integrales Denken?<br><\/strong><br>Integrales Denken ist ein Ansatz, der verschiedene Perspektiven und Disziplinen miteinander verbindet, um ein umfassenderes Verst\u00e4ndnis von komplexen Themen zu erlangen. Es basiert auf der Idee, dass kein einzelner Ansatz oder keine einzelne Perspektive ausreicht, um die Komplexit\u00e4t der Realit\u00e4t zu erfassen. Stattdessen erfordert es eine Synthese von verschiedenen Sichtweisen, um ein ganzheitliches Bild zu erhalten.<br><br>Der integrale Ansatz wurde ma\u00dfgeblich von Ken Wilber gepr\u00e4gt, der ein Modell entwickelt hat, das verschiedene Dimensionen des menschlichen Erlebens und Wissens integriert. <\/p>\n\n\n\n<h2 class=\"wp-block-heading\">Dieses Modell umfasst vier Quadranten: das Individuum (Innen und Au\u00dfen) und das Kollektiv (Innen und Au\u00dfen). Durch die Ber\u00fccksichtigung dieser verschiedenen Dimensionen k\u00f6nnen wir die Komplexit\u00e4t von Problemen besser verstehen und angehen.<\/h2>\n\n\n\n<p><strong>Die Relevanz in unsicheren Zeiten<br><\/strong><br>In unsicheren Zeiten, in denen sich die Rahmenbedingungen schnell \u00e4ndern k\u00f6nnen, ist integrales Denken besonders wertvoll. Hier sind einige Gr\u00fcnde, warum:<br><br><strong>1. Vielschichtigkeit der Probleme:<\/strong> <\/p>\n\n\n\n<h3 class=\"wp-block-heading\">Die Herausforderungen, vor denen wir stehen, sind oft nicht eindimensional. Sie erfordern ein Verst\u00e4ndnis f\u00fcr soziale, wirtschaftliche, \u00f6kologische und kulturelle Faktoren. <\/h3>\n\n\n\n<p>Integrales Denken erm\u00f6glicht es uns, diese verschiedenen Dimensionen zu ber\u00fccksichtigen und zu analysieren.<br><br><strong>2. F\u00f6rderung von Zusammenarbeit<\/strong>: <\/p>\n\n\n\n<h3 class=\"wp-block-heading\">In einer Zeit, in der Polarisierung und Konflikte zunehmen, ist es entscheidend, Br\u00fccken zwischen verschiedenen Perspektiven zu bauen. <\/h3>\n\n\n\n<p>Integrales Denken f\u00f6rdert den Dialog und die Zusammenarbeit zwischen Menschen mit unterschiedlichen Hintergr\u00fcnden und \u00dcberzeugungen. Es ermutigt dazu, gemeinsame L\u00f6sungen zu finden, die die Bed\u00fcrfnisse aller Beteiligten ber\u00fccksichtigen.<br><br>3.<strong> Flexibilit\u00e4t und Anpassungsf\u00e4higkeit<\/strong>: <\/p>\n\n\n\n<p>Integrales Denken lehrt uns, flexibel zu sein und uns an neue Informationen und Ver\u00e4nderungen anzupassen. <\/p>\n\n\n\n<h3 class=\"wp-block-heading\">In einer sich schnell ver\u00e4ndernden Welt ist es wichtig, offen f\u00fcr neue Ideen und Ans\u00e4tze zu sein, um effektive L\u00f6sungen zu entwickeln.<br><br>4.<strong> Langfristige Perspektive<\/strong>: <\/h3>\n\n\n\n<h3 class=\"wp-block-heading\">Oft neigen wir dazu, kurzfristige L\u00f6sungen zu suchen, die nicht nachhaltig sind. <\/h3>\n\n\n\n<p>Integrales Denken ermutigt uns, langfristige Auswirkungen und Zusammenh\u00e4nge zu ber\u00fccksichtigen, was zu nachhaltigeren und gerechteren L\u00f6sungen f\u00fchrt.<\/p>\n\n\n\n<p><\/p>\n\n\n\n<p><strong>Die Auseinandersetzung mit Ken Wilbers integraler Theorie kann f\u00fcr Coaches, Unternehmer, Selbst\u00e4ndige und F\u00fchrungskr\u00e4fte aus mehreren Gr\u00fcnden von gro\u00dfer Bedeutung sein:<\/strong><\/p>\n\n\n\n<h3 class=\"wp-block-heading\"><a><\/a> 1.&nbsp;<strong>Umfassendes Verst\u00e4ndnis von Menschen und Organisationen<\/strong><\/h3>\n\n\n\n<p>Wilbers integrale Theorie bietet ein ganzheitliches Modell, das verschiedene Dimensionen des menschlichen Erlebens ber\u00fccksichtigt. Dies hilft F\u00fchrungskr\u00e4ften und Coaches, die komplexen Bed\u00fcrfnisse ihrer Klienten oder Mitarbeiter besser zu verstehen und zu adressieren. Ein tieferes Verst\u00e4ndnis der individuellen (Ich), kollektiven (Wir), inneren (Es) und \u00e4u\u00dferen (Es) Dimensionen erm\u00f6glicht es, ma\u00dfgeschneiderte Ans\u00e4tze zu entwickeln.<\/p>\n\n\n\n<h3 class=\"wp-block-heading\"><a><\/a> 2.&nbsp;<strong>F\u00f6rderung von systemischem Denken<\/strong><\/h3>\n\n\n\n<p>In einer zunehmend vernetzten Welt ist es wichtig, die Wechselwirkungen zwischen verschiedenen Faktoren zu erkennen. Wilbers Ansatz f\u00f6rdert systemisches Denken, was bedeutet, dass F\u00fchrungskr\u00e4fte in der Lage sind, die Auswirkungen ihrer Entscheidungen auf das gesamte System \u2013 sei es ein Team, eine Organisation oder die Gesellschaft \u2013 zu ber\u00fccksichtigen. Dies f\u00fchrt zu nachhaltigeren und verantwortungsbewussteren Entscheidungen.<\/p>\n\n\n\n<h3 class=\"wp-block-heading\"><a><\/a> 3.&nbsp;<strong>Entwicklung von emotionaler Intelligenz<\/strong><\/h3>\n\n\n\n<p>Wilbers Theorie betont die Bedeutung von Bewusstsein und Selbstreflexion. F\u00fcr Coaches und F\u00fchrungskr\u00e4fte ist es entscheidend, emotionale Intelligenz zu entwickeln, um effektiv mit anderen kommunizieren und interagieren zu k\u00f6nnen. Ein h\u00f6heres Bewusstsein f\u00fcr eigene Emotionen sowie die Emotionen anderer f\u00f6rdert bessere Beziehungen und Teamdynamiken.<\/p>\n\n\n\n<h3 class=\"wp-block-heading\"><a><\/a> 4.&nbsp;<strong>Anpassungsf\u00e4higkeit an Ver\u00e4nderungen<\/strong><\/h3>\n\n\n\n<p>In einer sich schnell ver\u00e4ndernden Gesch\u00e4ftswelt ist Anpassungsf\u00e4higkeit entscheidend. Wilbers integrale Perspektive ermutigt dazu, flexibel zu denken und verschiedene Ans\u00e4tze zur Probleml\u00f6sung in Betracht zu ziehen. Dies hilft F\u00fchrungskr\u00e4ften dabei, innovative L\u00f6sungen zu finden und sich an neue Herausforderungen anzupassen.<\/p>\n\n\n\n<h3 class=\"wp-block-heading\"><a><\/a> 5.&nbsp;<strong>Langfristige Vision und Werteorientierung<\/strong><\/h3>\n\n\n\n<p>Wilbers Ansatz f\u00f6rdert eine langfristige Sichtweise auf Entwicklung und Ver\u00e4nderung. F\u00fcr Unternehmer und F\u00fchrungskr\u00e4fte ist es wichtig, nicht nur kurzfristige Gewinne im Blick zu haben, sondern auch eine nachhaltige Vision f\u00fcr ihre Organisation oder ihr Unternehmen zu entwickeln. Dies kann helfen, eine starke Unternehmenskultur aufzubauen, die auf gemeinsamen Werten basiert.<\/p>\n\n\n\n<h3 class=\"wp-block-heading\">6.&nbsp;<strong>Integration von Spiritualit\u00e4t und Ethik<\/strong><\/h3>\n\n\n\n<p>Wilbers integrale Theorie schlie\u00dft auch spirituelle und ethische Dimensionen ein, was f\u00fcr viele Coaches, Unternehmer und F\u00fchrungskr\u00e4fte von Bedeutung ist. Die Ber\u00fccksichtigung von Werten, Ethik und einem h\u00f6heren Sinn in der Arbeit kann dazu beitragen, eine positive Unternehmenskultur zu f\u00f6rdern und das Engagement der Mitarbeiter zu steigern. Indem F\u00fchrungskr\u00e4fte eine Werteorientierung in ihre Entscheidungen einbeziehen, k\u00f6nnen sie nicht nur das Vertrauen ihrer Mitarbeiter gewinnen, sondern auch eine nachhaltige Beziehung zu ihren Kunden und Stakeholdern aufbauen.<\/p>\n\n\n\n<h3 class=\"wp-block-heading\"><a><\/a> Fazit<\/h3>\n\n\n\n<p>Die Auseinandersetzung mit Ken Wilbers integraler Theorie bietet Coaches, Unternehmern, Selbst\u00e4ndigen und F\u00fchrungskr\u00e4ften wertvolle Werkzeuge und Perspektiven, um komplexe Herausforderungen zu meistern. Durch ein umfassendes Verst\u00e4ndnis von Menschen und Organisationen, die F\u00f6rderung systemischen Denkens, die Entwicklung emotionaler Intelligenz sowie die Integration von langfristigen Visionen und ethischen Werten k\u00f6nnen sie nicht nur ihre eigene Effektivit\u00e4t steigern, sondern auch einen positiven Einfluss auf ihre Teams und die Gesellschaft aus\u00fcben. In einer Zeit des Wandels ist es entscheidend, dass F\u00fchrungskr\u00e4fte \u00fcber den Tellerrand hinausblicken und ganzheitliche Ans\u00e4tze verfolgen, um nachhaltigen Erfolg zu erzielen.<\/p>\n\n\n\n<p><br><\/p>\n\n\n\n<figure class=\"wp-block-gallery has-nested-images columns-default is-cropped wp-block-gallery-1 is-layout-flex wp-block-gallery-is-layout-flex\"><\/figure>\n","protected":false},"excerpt":{"rendered":"<p>In einer Welt, die von Unsicherheit, Komplexit\u00e4t und st\u00e4ndigen Ver\u00e4nderungen gepr\u00e4gt ist, stehen wir vor Herausforderungen, die oft \u00fcber das hinausgehen, was traditionelle Denkans\u00e4tze bew\u00e4ltigen k\u00f6nnen. Ob es sich um gesellschaftliche Spannungen, Umweltkrisen oder wirtschaftliche Unsicherheiten handelt \u2013 die Probleme, mit denen wir konfrontiert sind, sind vielschichtig und erfordern innovative L\u00f6sungen. Hier kommt das integrale &hellip; <\/p>\n<p class=\"link-more\"><a href=\"https:\/\/denkraum42.de\/?p=577\" class=\"more-link\"><span class=\"screen-reader-text\">\u201eIntegrales Denken als Schl\u00fcssel zur L\u00f6sung komplexer Probleme in unsicheren Zeiten\u201c<\/span> weiterlesen<\/a><\/p>\n","protected":false},"author":1,"featured_media":578,"comment_status":"closed","ping_status":"open","sticky":false,"template":"","format":"gallery","meta":{"footnotes":""},"categories":[22],"tags":[],"class_list":["post-577","post","type-post","status-publish","format-gallery","has-post-thumbnail","hentry","category-entwicklung","post_format-post-format-gallery"],"yoast_head":"<!-- This site is optimized with the Yoast SEO plugin v22.6 - https:\/\/yoast.com\/wordpress\/plugins\/seo\/ -->\n<title>Integrales Denken als Schl\u00fcssel zur L\u00f6sung komplexer Probleme in unsicheren Zeiten - Denkraum 42<\/title>\n<meta name=\"description\" content=\"In einer Welt, die von Unsicherheit, Komplexit\u00e4t und st\u00e4ndigen Ver\u00e4nderungen gepr\u00e4gt ist, stehen wir vor Herausforderungen, die oft \u00fcber das hinausgehen, was traditionelle Denkans\u00e4tze bew\u00e4ltigen k\u00f6nnen.\" \/>\n<meta name=\"robots\" content=\"index, follow, max-snippet:-1, max-image-preview:large, max-video-preview:-1\" \/>\n<link rel=\"canonical\" href=\"https:\/\/denkraum42.de\/?p=577\" \/>\n<meta property=\"og:locale\" content=\"de_DE\" \/>\n<meta property=\"og:type\" content=\"article\" \/>\n<meta property=\"og:title\" content=\"Integrales Denken als Schl\u00fcssel zur L\u00f6sung komplexer Probleme in unsicheren Zeiten - Denkraum 42\" \/>\n<meta property=\"og:description\" content=\"In einer Welt, die von Unsicherheit, Komplexit\u00e4t und st\u00e4ndigen Ver\u00e4nderungen gepr\u00e4gt ist, stehen wir vor Herausforderungen, die oft \u00fcber das hinausgehen, was traditionelle Denkans\u00e4tze bew\u00e4ltigen k\u00f6nnen.\" \/>\n<meta property=\"og:url\" content=\"https:\/\/denkraum42.de\/?p=577\" \/>\n<meta property=\"og:site_name\" content=\"Denkraum 42\" \/>\n<meta property=\"article:published_time\" content=\"2025-03-16T12:21:27+00:00\" \/>\n<meta property=\"article:modified_time\" content=\"2025-03-16T12:21:28+00:00\" \/>\n<meta property=\"og:image\" content=\"https:\/\/denkraum42.de\/wp-content\/uploads\/2025\/03\/ai-generated-8162312_1280.jpg\" \/>\n\t<meta property=\"og:image:width\" content=\"1280\" \/>\n\t<meta property=\"og:image:height\" content=\"939\" \/>\n\t<meta property=\"og:image:type\" content=\"image\/jpeg\" \/>\n<meta name=\"author\" content=\"AlexandraStoehr\" \/>\n<meta name=\"twitter:card\" content=\"summary_large_image\" \/>\n<meta name=\"twitter:label1\" content=\"Verfasst von\" \/>\n\t<meta name=\"twitter:data1\" content=\"AlexandraStoehr\" \/>\n\t<meta name=\"twitter:label2\" content=\"Gesch\u00e4tzte Lesezeit\" \/>\n\t<meta name=\"twitter:data2\" content=\"5\u00a0Minuten\" \/>\n<script type=\"application\/ld+json\" class=\"yoast-schema-graph\">{\"@context\":\"https:\/\/schema.org\",\"@graph\":[{\"@type\":\"Article\",\"@id\":\"https:\/\/denkraum42.de\/?p=577#article\",\"isPartOf\":{\"@id\":\"https:\/\/denkraum42.de\/?p=577\"},\"author\":{\"name\":\"AlexandraStoehr\",\"@id\":\"https:\/\/denkraum42.de\/#\/schema\/person\/ea008fe534c39d078e82e0cdb04eab9b\"},\"headline\":\"Integrales Denken als Schl\u00fcssel zur L\u00f6sung komplexer Probleme in unsicheren Zeiten\",\"datePublished\":\"2025-03-16T12:21:27+00:00\",\"dateModified\":\"2025-03-16T12:21:28+00:00\",\"mainEntityOfPage\":{\"@id\":\"https:\/\/denkraum42.de\/?p=577\"},\"wordCount\":937,\"publisher\":{\"@id\":\"https:\/\/denkraum42.de\/#organization\"},\"image\":{\"@id\":\"https:\/\/denkraum42.de\/?p=577#primaryimage\"},\"thumbnailUrl\":\"https:\/\/denkraum42.de\/wp-content\/uploads\/2025\/03\/ai-generated-8162312_1280.jpg\",\"articleSection\":[\"Entwicklung\"],\"inLanguage\":\"de\"},{\"@type\":\"WebPage\",\"@id\":\"https:\/\/denkraum42.de\/?p=577\",\"url\":\"https:\/\/denkraum42.de\/?p=577\",\"name\":\"Integrales Denken als Schl\u00fcssel zur L\u00f6sung komplexer Probleme in unsicheren Zeiten - Denkraum 42\",\"isPartOf\":{\"@id\":\"https:\/\/denkraum42.de\/#website\"},\"primaryImageOfPage\":{\"@id\":\"https:\/\/denkraum42.de\/?p=577#primaryimage\"},\"image\":{\"@id\":\"https:\/\/denkraum42.de\/?p=577#primaryimage\"},\"thumbnailUrl\":\"https:\/\/denkraum42.de\/wp-content\/uploads\/2025\/03\/ai-generated-8162312_1280.jpg\",\"datePublished\":\"2025-03-16T12:21:27+00:00\",\"dateModified\":\"2025-03-16T12:21:28+00:00\",\"description\":\"In einer Welt, die von Unsicherheit, Komplexit\u00e4t und st\u00e4ndigen Ver\u00e4nderungen gepr\u00e4gt ist, stehen wir vor Herausforderungen, die oft \u00fcber das hinausgehen, was traditionelle Denkans\u00e4tze bew\u00e4ltigen k\u00f6nnen.\",\"breadcrumb\":{\"@id\":\"https:\/\/denkraum42.de\/?p=577#breadcrumb\"},\"inLanguage\":\"de\",\"potentialAction\":[{\"@type\":\"ReadAction\",\"target\":[\"https:\/\/denkraum42.de\/?p=577\"]}]},{\"@type\":\"ImageObject\",\"inLanguage\":\"de\",\"@id\":\"https:\/\/denkraum42.de\/?p=577#primaryimage\",\"url\":\"https:\/\/denkraum42.de\/wp-content\/uploads\/2025\/03\/ai-generated-8162312_1280.jpg\",\"contentUrl\":\"https:\/\/denkraum42.de\/wp-content\/uploads\/2025\/03\/ai-generated-8162312_1280.jpg\",\"width\":1280,\"height\":939},{\"@type\":\"BreadcrumbList\",\"@id\":\"https:\/\/denkraum42.de\/?p=577#breadcrumb\",\"itemListElement\":[{\"@type\":\"ListItem\",\"position\":1,\"name\":\"Startseite\",\"item\":\"https:\/\/denkraum42.de\/\"},{\"@type\":\"ListItem\",\"position\":2,\"name\":\"Integrales Denken als Schl\u00fcssel zur L\u00f6sung komplexer Probleme in unsicheren Zeiten\"}]},{\"@type\":\"WebSite\",\"@id\":\"https:\/\/denkraum42.de\/#website\",\"url\":\"https:\/\/denkraum42.de\/\",\"name\":\"Denkraum 42\",\"description\":\"Echte Transformation und integraler Wandel. Entwicklung evolution\u00e4r gestalten.\",\"publisher\":{\"@id\":\"https:\/\/denkraum42.de\/#organization\"},\"potentialAction\":[{\"@type\":\"SearchAction\",\"target\":{\"@type\":\"EntryPoint\",\"urlTemplate\":\"https:\/\/denkraum42.de\/?s={search_term_string}\"},\"query-input\":\"required name=search_term_string\"}],\"inLanguage\":\"de\"},{\"@type\":\"Organization\",\"@id\":\"https:\/\/denkraum42.de\/#organization\",\"name\":\"Denkraum 42\",\"url\":\"https:\/\/denkraum42.de\/\",\"logo\":{\"@type\":\"ImageObject\",\"inLanguage\":\"de\",\"@id\":\"https:\/\/denkraum42.de\/#\/schema\/logo\/image\/\",\"url\":\"https:\/\/denkraum42.de\/wp-content\/uploads\/2024\/05\/cropped-cropped-triskell-1193998_1920.png\",\"contentUrl\":\"https:\/\/denkraum42.de\/wp-content\/uploads\/2024\/05\/cropped-cropped-triskell-1193998_1920.png\",\"width\":250,\"height\":250,\"caption\":\"Denkraum 42\"},\"image\":{\"@id\":\"https:\/\/denkraum42.de\/#\/schema\/logo\/image\/\"}},{\"@type\":\"Person\",\"@id\":\"https:\/\/denkraum42.de\/#\/schema\/person\/ea008fe534c39d078e82e0cdb04eab9b\",\"name\":\"AlexandraStoehr\",\"image\":{\"@type\":\"ImageObject\",\"inLanguage\":\"de\",\"@id\":\"https:\/\/denkraum42.de\/#\/schema\/person\/image\/\",\"url\":\"https:\/\/secure.gravatar.com\/avatar\/60ec79ee6c7200ae79874c00c7fa664792ecae17cbcc5a996045018a5e69281f?s=96&d=mm&r=g\",\"contentUrl\":\"https:\/\/secure.gravatar.com\/avatar\/60ec79ee6c7200ae79874c00c7fa664792ecae17cbcc5a996045018a5e69281f?s=96&d=mm&r=g\",\"caption\":\"AlexandraStoehr\"},\"sameAs\":[\"https:\/\/denkraum42.de\"],\"url\":\"https:\/\/denkraum42.de\/?author=1\"}]}<\/script>\n<!-- \/ Yoast SEO plugin. -->","yoast_head_json":{"title":"Integrales Denken als Schl\u00fcssel zur L\u00f6sung komplexer Probleme in unsicheren Zeiten - Denkraum 42","description":"In einer Welt, die von Unsicherheit, Komplexit\u00e4t und st\u00e4ndigen Ver\u00e4nderungen gepr\u00e4gt ist, stehen wir vor Herausforderungen, die oft \u00fcber das hinausgehen, was traditionelle Denkans\u00e4tze bew\u00e4ltigen k\u00f6nnen.","robots":{"index":"index","follow":"follow","max-snippet":"max-snippet:-1","max-image-preview":"max-image-preview:large","max-video-preview":"max-video-preview:-1"},"canonical":"https:\/\/denkraum42.de\/?p=577","og_locale":"de_DE","og_type":"article","og_title":"Integrales Denken als Schl\u00fcssel zur L\u00f6sung komplexer Probleme in unsicheren Zeiten - Denkraum 42","og_description":"In einer Welt, die von Unsicherheit, Komplexit\u00e4t und st\u00e4ndigen Ver\u00e4nderungen gepr\u00e4gt ist, stehen wir vor Herausforderungen, die oft \u00fcber das hinausgehen, was traditionelle Denkans\u00e4tze bew\u00e4ltigen k\u00f6nnen.","og_url":"https:\/\/denkraum42.de\/?p=577","og_site_name":"Denkraum 42","article_published_time":"2025-03-16T12:21:27+00:00","article_modified_time":"2025-03-16T12:21:28+00:00","og_image":[{"width":1280,"height":939,"url":"https:\/\/denkraum42.de\/wp-content\/uploads\/2025\/03\/ai-generated-8162312_1280.jpg","type":"image\/jpeg"}],"author":"AlexandraStoehr","twitter_card":"summary_large_image","twitter_misc":{"Verfasst von":"AlexandraStoehr","Gesch\u00e4tzte Lesezeit":"5\u00a0Minuten"},"schema":{"@context":"https:\/\/schema.org","@graph":[{"@type":"Article","@id":"https:\/\/denkraum42.de\/?p=577#article","isPartOf":{"@id":"https:\/\/denkraum42.de\/?p=577"},"author":{"name":"AlexandraStoehr","@id":"https:\/\/denkraum42.de\/#\/schema\/person\/ea008fe534c39d078e82e0cdb04eab9b"},"headline":"Integrales Denken als Schl\u00fcssel zur L\u00f6sung komplexer Probleme in unsicheren Zeiten","datePublished":"2025-03-16T12:21:27+00:00","dateModified":"2025-03-16T12:21:28+00:00","mainEntityOfPage":{"@id":"https:\/\/denkraum42.de\/?p=577"},"wordCount":937,"publisher":{"@id":"https:\/\/denkraum42.de\/#organization"},"image":{"@id":"https:\/\/denkraum42.de\/?p=577#primaryimage"},"thumbnailUrl":"https:\/\/denkraum42.de\/wp-content\/uploads\/2025\/03\/ai-generated-8162312_1280.jpg","articleSection":["Entwicklung"],"inLanguage":"de"},{"@type":"WebPage","@id":"https:\/\/denkraum42.de\/?p=577","url":"https:\/\/denkraum42.de\/?p=577","name":"Integrales Denken als Schl\u00fcssel zur L\u00f6sung komplexer Probleme in unsicheren Zeiten - Denkraum 42","isPartOf":{"@id":"https:\/\/denkraum42.de\/#website"},"primaryImageOfPage":{"@id":"https:\/\/denkraum42.de\/?p=577#primaryimage"},"image":{"@id":"https:\/\/denkraum42.de\/?p=577#primaryimage"},"thumbnailUrl":"https:\/\/denkraum42.de\/wp-content\/uploads\/2025\/03\/ai-generated-8162312_1280.jpg","datePublished":"2025-03-16T12:21:27+00:00","dateModified":"2025-03-16T12:21:28+00:00","description":"In einer Welt, die von Unsicherheit, Komplexit\u00e4t und st\u00e4ndigen Ver\u00e4nderungen gepr\u00e4gt ist, stehen wir vor Herausforderungen, die oft \u00fcber das hinausgehen, was traditionelle Denkans\u00e4tze bew\u00e4ltigen k\u00f6nnen.","breadcrumb":{"@id":"https:\/\/denkraum42.de\/?p=577#breadcrumb"},"inLanguage":"de","potentialAction":[{"@type":"ReadAction","target":["https:\/\/denkraum42.de\/?p=577"]}]},{"@type":"ImageObject","inLanguage":"de","@id":"https:\/\/denkraum42.de\/?p=577#primaryimage","url":"https:\/\/denkraum42.de\/wp-content\/uploads\/2025\/03\/ai-generated-8162312_1280.jpg","contentUrl":"https:\/\/denkraum42.de\/wp-content\/uploads\/2025\/03\/ai-generated-8162312_1280.jpg","width":1280,"height":939},{"@type":"BreadcrumbList","@id":"https:\/\/denkraum42.de\/?p=577#breadcrumb","itemListElement":[{"@type":"ListItem","position":1,"name":"Startseite","item":"https:\/\/denkraum42.de\/"},{"@type":"ListItem","position":2,"name":"Integrales Denken als Schl\u00fcssel zur L\u00f6sung komplexer Probleme in unsicheren Zeiten"}]},{"@type":"WebSite","@id":"https:\/\/denkraum42.de\/#website","url":"https:\/\/denkraum42.de\/","name":"Denkraum 42","description":"Echte Transformation und integraler Wandel. Entwicklung evolution\u00e4r gestalten.","publisher":{"@id":"https:\/\/denkraum42.de\/#organization"},"potentialAction":[{"@type":"SearchAction","target":{"@type":"EntryPoint","urlTemplate":"https:\/\/denkraum42.de\/?s={search_term_string}"},"query-input":"required name=search_term_string"}],"inLanguage":"de"},{"@type":"Organization","@id":"https:\/\/denkraum42.de\/#organization","name":"Denkraum 42","url":"https:\/\/denkraum42.de\/","logo":{"@type":"ImageObject","inLanguage":"de","@id":"https:\/\/denkraum42.de\/#\/schema\/logo\/image\/","url":"https:\/\/denkraum42.de\/wp-content\/uploads\/2024\/05\/cropped-cropped-triskell-1193998_1920.png","contentUrl":"https:\/\/denkraum42.de\/wp-content\/uploads\/2024\/05\/cropped-cropped-triskell-1193998_1920.png","width":250,"height":250,"caption":"Denkraum 42"},"image":{"@id":"https:\/\/denkraum42.de\/#\/schema\/logo\/image\/"}},{"@type":"Person","@id":"https:\/\/denkraum42.de\/#\/schema\/person\/ea008fe534c39d078e82e0cdb04eab9b","name":"AlexandraStoehr","image":{"@type":"ImageObject","inLanguage":"de","@id":"https:\/\/denkraum42.de\/#\/schema\/person\/image\/","url":"https:\/\/secure.gravatar.com\/avatar\/60ec79ee6c7200ae79874c00c7fa664792ecae17cbcc5a996045018a5e69281f?s=96&d=mm&r=g","contentUrl":"https:\/\/secure.gravatar.com\/avatar\/60ec79ee6c7200ae79874c00c7fa664792ecae17cbcc5a996045018a5e69281f?s=96&d=mm&r=g","caption":"AlexandraStoehr"},"sameAs":["https:\/\/denkraum42.de"],"url":"https:\/\/denkraum42.de\/?author=1"}]}},"_links":{"self":[{"href":"https:\/\/denkraum42.de\/index.php?rest_route=\/wp\/v2\/posts\/577","targetHints":{"allow":["GET"]}}],"collection":[{"href":"https:\/\/denkraum42.de\/index.php?rest_route=\/wp\/v2\/posts"}],"about":[{"href":"https:\/\/denkraum42.de\/index.php?rest_route=\/wp\/v2\/types\/post"}],"author":[{"embeddable":true,"href":"https:\/\/denkraum42.de\/index.php?rest_route=\/wp\/v2\/users\/1"}],"replies":[{"embeddable":true,"href":"https:\/\/denkraum42.de\/index.php?rest_route=%2Fwp%2Fv2%2Fcomments&post=577"}],"version-history":[{"count":1,"href":"https:\/\/denkraum42.de\/index.php?rest_route=\/wp\/v2\/posts\/577\/revisions"}],"predecessor-version":[{"id":579,"href":"https:\/\/denkraum42.de\/index.php?rest_route=\/wp\/v2\/posts\/577\/revisions\/579"}],"wp:featuredmedia":[{"embeddable":true,"href":"https:\/\/denkraum42.de\/index.php?rest_route=\/wp\/v2\/media\/578"}],"wp:attachment":[{"href":"https:\/\/denkraum42.de\/index.php?rest_route=%2Fwp%2Fv2%2Fmedia&parent=577"}],"wp:term":[{"taxonomy":"category","embeddable":true,"href":"https:\/\/denkraum42.de\/index.php?rest_route=%2Fwp%2Fv2%2Fcategories&post=577"},{"taxonomy":"post_tag","embeddable":true,"href":"https:\/\/denkraum42.de\/index.php?rest_route=%2Fwp%2Fv2%2Ftags&post=577"}],"curies":[{"name":"wp","href":"https:\/\/api.w.org\/{rel}","templated":true}]}}