{"id":597,"date":"2025-03-20T11:49:37","date_gmt":"2025-03-20T11:49:37","guid":{"rendered":"https:\/\/denkraum42.de\/?p=597"},"modified":"2025-03-20T11:49:39","modified_gmt":"2025-03-20T11:49:39","slug":"narratives-bewusstsein-warum-es-jetzt-wichtiger-denn-je-ist-unser-eigenes-bewusstsein-zu-hinterfragen","status":"publish","type":"post","link":"https:\/\/denkraum42.de\/?p=597","title":{"rendered":"Narratives Bewusstsein: Warum es jetzt wichtiger denn je ist, unser eigenes Bewusstsein zu hinterfragen"},"content":{"rendered":"\n<h2 class=\"wp-block-heading\">In einer Zeit, in der wir t\u00e4glich mit einer Flut von Informationen aus den Medien, sozialen Netzwerken und pers\u00f6nlichen Erfahrungen konfrontiert werden, ist es entscheidend, die Geschichten zu hinterfragen, die unser Denken und Handeln pr\u00e4gen. Diese Narrative \u2013 seien es pers\u00f6nliche Lebensgeschichten oder die Erz\u00e4hlungen, die uns durch Nachrichten und Kultur vermittelt werden \u2013 formen unsere Wahrnehmung der Welt und beeinflussen unsere Entscheidungen.<\/h2>\n\n\n\n<h3 class=\"wp-block-heading\"><a><\/a> Was ist narratives Bewusstsein?<\/h3>\n\n\n\n<p>Narratives Bewusstsein bezieht sich auf das Verst\u00e4ndnis und die Reflexion \u00fcber die Geschichten, die wir \u00fcber uns selbst und unsere Umwelt erz\u00e4hlen. <\/p>\n\n\n\n<h2 class=\"wp-block-heading\">Diese Erz\u00e4hlungen sind nicht nur individuelle Lebensgeschichten; sie umfassen auch gesellschaftliche Narrative, die durch Medien und kulturelle Diskurse verbreitet werden. Sie beeinflussen unsere Identit\u00e4t, unsere Werte und letztlich auch unser Verhalten.<\/h2>\n\n\n\n<h3 class=\"wp-block-heading\"><a><\/a> Warum ist es wichtig, das eigene Bewusstsein zu hinterfragen?<\/h3>\n\n\n\n<ol class=\"wp-block-list\">\n<li><strong>Selbstreflexion als Schl\u00fcssel zur Ver\u00e4nderung<\/strong><br>In Zeiten des Wandels ist Selbstreflexion unerl\u00e4sslich. Wenn wir unsere eigenen Narrative hinterfragen, k\u00f6nnen wir erkennen, welche \u00dcberzeugungen uns m\u00f6glicherweise einschr\u00e4nken oder blockieren. Indem wir diese Geschichten neu formulieren oder sogar ganz ablegen, schaffen wir Raum f\u00fcr pers\u00f6nliches Wachstum und positive Ver\u00e4nderungen.<\/li>\n\n\n\n<li><strong>Bew\u00e4ltigung von Unsicherheiten<\/strong><br>Die gegenw\u00e4rtige Zeit ist gepr\u00e4gt von Unsicherheiten \u2013 sei es durch gesellschaftliche Umbr\u00fcche, wirtschaftliche Herausforderungen oder globale Krisen. In solchen Momenten neigen viele dazu, in alte Denkmuster zur\u00fcckzufallen. Durch das Hinterfragen unserer Narrative k\u00f6nnen wir flexibler auf Ver\u00e4nderungen reagieren und neue Perspektiven entwickeln.<\/li>\n\n\n\n<li><strong>F\u00f6rderung von Empathie und Verst\u00e4ndnis<\/strong><br>Wenn wir unsere eigenen Geschichten reflektieren, gewinnen wir auch ein besseres Verst\u00e4ndnis f\u00fcr die Narrative anderer Menschen. Dies f\u00f6rdert Empathie und Mitgef\u00fchl in einer Zeit, in der Spaltung und Konflikte h\u00e4ufig sind. Indem wir die Vielfalt menschlicher Erfahrungen anerkennen, k\u00f6nnen wir Br\u00fccken bauen und gemeinsam L\u00f6sungen finden.<\/li>\n\n\n\n<li><strong>Gestaltung einer positiven Zukunf<\/strong>t Unsere Narrative haben einen direkten Einfluss darauf, wie wir die Zukunft sehen. Wenn wir negative oder begrenzende Geschichten \u00fcber uns selbst oder unsere M\u00f6glichkeiten erz\u00e4hlen, kann das unser Handeln stark einschr\u00e4nken. Indem wir jedoch aktiv an unseren Narrativen arbeiten und sie positiv umgestalten, k\u00f6nnen wir eine optimistischere Sichtweise entwickeln. Dies erm\u00f6glicht es uns, proaktiv zu handeln und Chancen zu ergreifen, anstatt passiv auf Herausforderungen zu reagieren. Ein Beispiel daf\u00fcr ist die Art und Weise, wie wir mit Misserfolgen umgehen. Anstatt sie als endg\u00fcltige Niederlagen zu betrachten, k\u00f6nnen wir sie als Lernm\u00f6glichkeiten interpretieren. Diese Umdeutung unserer Erfahrungen kann nicht nur unser Selbstvertrauen st\u00e4rken, sondern auch unsere F\u00e4higkeit f\u00f6rdern, in schwierigen Zeiten resilient zu bleiben.<\/li>\n<\/ol>\n\n\n\n<h3 class=\"wp-block-heading\"><\/h3>\n\n\n\n<h3 class=\"wp-block-heading\">Die Kraft des narrativen Bewusstseins<\/h3>\n\n\n\n<p>In einer Welt voller Informationen und wechselnder Erz\u00e4hlungen ist es entscheidend, dass wir unser eigenes Bewusstsein hinterfragen. Das narrative Bewusstsein bietet uns die M\u00f6glichkeit, sowohl unsere pers\u00f6nlichen Geschichten als auch die gesellschaftlichen Narrative kritisch zu reflektieren. Indem wir uns mit diesen Narrativen auseinandersetzen, f\u00f6rdern wir nicht nur pers\u00f6nliches Wachstum und Resilienz, sondern tragen auch zu einem empathischeren und verst\u00e4ndnisvolleren Miteinander bei.<\/p>\n\n\n\n<p>Lassen Sie uns also gemeinsam die Kraft unserer Geschichten nutzen, um eine positive Zukunft zu gestalten \u2013 f\u00fcr uns selbst und f\u00fcr die Welt um uns herum.<\/p>\n\n\n\n<p><strong>Sind Sie bereit, Ihre eigene Geschichte neu zu schreiben? Beginnen Sie noch heute mit der Reflexion Ihrer Narrative!<\/strong> Setzen Sie sich mit mir in Verbindung, ich begleite Sie gerne bei der Gestaltung eines neuen Weltbildes und dem Erreichen der eigenen Ziele und Visionen.<\/p>\n\n\n\n<div class=\"wp-block-buttons is-content-justification-center is-layout-flex wp-container-core-buttons-is-layout-16018d1d wp-block-buttons-is-layout-flex\">\n<div class=\"wp-block-button\"><a class=\"wp-block-button__link wp-element-button\" href=\"https:\/\/calendly.com\/dialog-stoehr-hr\/impulsgespraech\">Jetzt kostenloses Erstgespr\u00e4ch buchen<\/a><\/div>\n<\/div>\n\n\n\n<p><\/p>\n\n\n\n<figure class=\"wp-block-gallery has-nested-images columns-default is-cropped wp-block-gallery-1 is-layout-flex wp-block-gallery-is-layout-flex\"><\/figure>\n","protected":false},"excerpt":{"rendered":"<p>In einer Zeit, in der wir t\u00e4glich mit einer Flut von Informationen aus den Medien, sozialen Netzwerken und pers\u00f6nlichen Erfahrungen konfrontiert werden, ist es entscheidend, die Geschichten zu hinterfragen, die unser Denken und Handeln pr\u00e4gen. Diese Narrative \u2013 seien es pers\u00f6nliche Lebensgeschichten oder die Erz\u00e4hlungen, die uns durch Nachrichten und Kultur vermittelt werden \u2013 formen &hellip; <\/p>\n<p class=\"link-more\"><a href=\"https:\/\/denkraum42.de\/?p=597\" class=\"more-link\"><span class=\"screen-reader-text\">\u201eNarratives Bewusstsein: Warum es jetzt wichtiger denn je ist, unser eigenes Bewusstsein zu hinterfragen\u201c<\/span> weiterlesen<\/a><\/p>\n","protected":false},"author":1,"featured_media":598,"comment_status":"closed","ping_status":"open","sticky":false,"template":"","format":"gallery","meta":{"footnotes":""},"categories":[22],"tags":[24,8,27],"class_list":["post-597","post","type-post","status-publish","format-gallery","has-post-thumbnail","hentry","category-entwicklung","tag-entwicklung","tag-fuehrung","tag-persoenlichkeit","post_format-post-format-gallery"],"yoast_head":"<!-- This site is optimized with the Yoast SEO plugin v22.6 - https:\/\/yoast.com\/wordpress\/plugins\/seo\/ -->\n<title>Narratives Bewusstsein: Warum es jetzt wichtiger denn je ist, unser eigenes Bewusstsein zu hinterfragen - Denkraum 42<\/title>\n<meta name=\"description\" content=\"In einer Welt voller Informationen und wechselnder Erz\u00e4hlungen ist es entscheidend, dass wir unser eigenes Bewusstsein hinterfragen. Das narrative Bewusstsein bietet uns die M\u00f6glichkeit, sowohl unsere pers\u00f6nlichen Geschichten als auch die gesellschaftlichen Narrative kritisch zu reflektieren. Indem wir uns mit diesen Narrativen auseinandersetzen, f\u00f6rdern wir nicht nur pers\u00f6nliches Wachstum und Resilienz, sondern tragen auch zu einem empathischeren und verst\u00e4ndnisvolleren Miteinander bei.\" \/>\n<meta name=\"robots\" content=\"index, follow, max-snippet:-1, max-image-preview:large, max-video-preview:-1\" \/>\n<link rel=\"canonical\" href=\"https:\/\/denkraum42.de\/?p=597\" \/>\n<meta property=\"og:locale\" content=\"de_DE\" \/>\n<meta property=\"og:type\" content=\"article\" \/>\n<meta property=\"og:title\" content=\"Narratives Bewusstsein: Warum es jetzt wichtiger denn je ist, unser eigenes Bewusstsein zu hinterfragen - Denkraum 42\" \/>\n<meta property=\"og:description\" content=\"In einer Welt voller Informationen und wechselnder Erz\u00e4hlungen ist es entscheidend, dass wir unser eigenes Bewusstsein hinterfragen. Das narrative Bewusstsein bietet uns die M\u00f6glichkeit, sowohl unsere pers\u00f6nlichen Geschichten als auch die gesellschaftlichen Narrative kritisch zu reflektieren. Indem wir uns mit diesen Narrativen auseinandersetzen, f\u00f6rdern wir nicht nur pers\u00f6nliches Wachstum und Resilienz, sondern tragen auch zu einem empathischeren und verst\u00e4ndnisvolleren Miteinander bei.\" \/>\n<meta property=\"og:url\" content=\"https:\/\/denkraum42.de\/?p=597\" \/>\n<meta property=\"og:site_name\" content=\"Denkraum 42\" \/>\n<meta property=\"article:published_time\" content=\"2025-03-20T11:49:37+00:00\" \/>\n<meta property=\"article:modified_time\" content=\"2025-03-20T11:49:39+00:00\" \/>\n<meta property=\"og:image\" content=\"https:\/\/denkraum42.de\/wp-content\/uploads\/2025\/03\/people-2566677_1280.jpg\" \/>\n\t<meta property=\"og:image:width\" content=\"1280\" \/>\n\t<meta property=\"og:image:height\" content=\"854\" \/>\n\t<meta property=\"og:image:type\" content=\"image\/jpeg\" \/>\n<meta name=\"author\" content=\"AlexandraStoehr\" \/>\n<meta name=\"twitter:card\" content=\"summary_large_image\" \/>\n<meta name=\"twitter:label1\" content=\"Verfasst von\" \/>\n\t<meta name=\"twitter:data1\" content=\"AlexandraStoehr\" \/>\n\t<meta name=\"twitter:label2\" content=\"Gesch\u00e4tzte Lesezeit\" \/>\n\t<meta name=\"twitter:data2\" content=\"4\u00a0Minuten\" \/>\n<script type=\"application\/ld+json\" class=\"yoast-schema-graph\">{\"@context\":\"https:\/\/schema.org\",\"@graph\":[{\"@type\":\"Article\",\"@id\":\"https:\/\/denkraum42.de\/?p=597#article\",\"isPartOf\":{\"@id\":\"https:\/\/denkraum42.de\/?p=597\"},\"author\":{\"name\":\"AlexandraStoehr\",\"@id\":\"https:\/\/denkraum42.de\/#\/schema\/person\/ea008fe534c39d078e82e0cdb04eab9b\"},\"headline\":\"Narratives Bewusstsein: Warum es jetzt wichtiger denn je ist, unser eigenes Bewusstsein zu hinterfragen\",\"datePublished\":\"2025-03-20T11:49:37+00:00\",\"dateModified\":\"2025-03-20T11:49:39+00:00\",\"mainEntityOfPage\":{\"@id\":\"https:\/\/denkraum42.de\/?p=597\"},\"wordCount\":597,\"publisher\":{\"@id\":\"https:\/\/denkraum42.de\/#organization\"},\"image\":{\"@id\":\"https:\/\/denkraum42.de\/?p=597#primaryimage\"},\"thumbnailUrl\":\"https:\/\/denkraum42.de\/wp-content\/uploads\/2025\/03\/people-2566677_1280.jpg\",\"keywords\":[\"Entwicklung\",\"F\u00fchrung\",\"Pers\u00f6nlichkeit\"],\"articleSection\":[\"Entwicklung\"],\"inLanguage\":\"de\"},{\"@type\":\"WebPage\",\"@id\":\"https:\/\/denkraum42.de\/?p=597\",\"url\":\"https:\/\/denkraum42.de\/?p=597\",\"name\":\"Narratives Bewusstsein: Warum es jetzt wichtiger denn je ist, unser eigenes Bewusstsein zu hinterfragen - Denkraum 42\",\"isPartOf\":{\"@id\":\"https:\/\/denkraum42.de\/#website\"},\"primaryImageOfPage\":{\"@id\":\"https:\/\/denkraum42.de\/?p=597#primaryimage\"},\"image\":{\"@id\":\"https:\/\/denkraum42.de\/?p=597#primaryimage\"},\"thumbnailUrl\":\"https:\/\/denkraum42.de\/wp-content\/uploads\/2025\/03\/people-2566677_1280.jpg\",\"datePublished\":\"2025-03-20T11:49:37+00:00\",\"dateModified\":\"2025-03-20T11:49:39+00:00\",\"description\":\"In einer Welt voller Informationen und wechselnder Erz\u00e4hlungen ist es entscheidend, dass wir unser eigenes Bewusstsein hinterfragen. Das narrative Bewusstsein bietet uns die M\u00f6glichkeit, sowohl unsere pers\u00f6nlichen Geschichten als auch die gesellschaftlichen Narrative kritisch zu reflektieren. Indem wir uns mit diesen Narrativen auseinandersetzen, f\u00f6rdern wir nicht nur pers\u00f6nliches Wachstum und Resilienz, sondern tragen auch zu einem empathischeren und verst\u00e4ndnisvolleren Miteinander bei.\",\"breadcrumb\":{\"@id\":\"https:\/\/denkraum42.de\/?p=597#breadcrumb\"},\"inLanguage\":\"de\",\"potentialAction\":[{\"@type\":\"ReadAction\",\"target\":[\"https:\/\/denkraum42.de\/?p=597\"]}]},{\"@type\":\"ImageObject\",\"inLanguage\":\"de\",\"@id\":\"https:\/\/denkraum42.de\/?p=597#primaryimage\",\"url\":\"https:\/\/denkraum42.de\/wp-content\/uploads\/2025\/03\/people-2566677_1280.jpg\",\"contentUrl\":\"https:\/\/denkraum42.de\/wp-content\/uploads\/2025\/03\/people-2566677_1280.jpg\",\"width\":1280,\"height\":854},{\"@type\":\"BreadcrumbList\",\"@id\":\"https:\/\/denkraum42.de\/?p=597#breadcrumb\",\"itemListElement\":[{\"@type\":\"ListItem\",\"position\":1,\"name\":\"Startseite\",\"item\":\"https:\/\/denkraum42.de\/\"},{\"@type\":\"ListItem\",\"position\":2,\"name\":\"Narratives Bewusstsein: Warum es jetzt wichtiger denn je ist, unser eigenes Bewusstsein zu hinterfragen\"}]},{\"@type\":\"WebSite\",\"@id\":\"https:\/\/denkraum42.de\/#website\",\"url\":\"https:\/\/denkraum42.de\/\",\"name\":\"Denkraum 42\",\"description\":\"Echte Transformation und integraler Wandel. Entwicklung evolution\u00e4r gestalten.\",\"publisher\":{\"@id\":\"https:\/\/denkraum42.de\/#organization\"},\"potentialAction\":[{\"@type\":\"SearchAction\",\"target\":{\"@type\":\"EntryPoint\",\"urlTemplate\":\"https:\/\/denkraum42.de\/?s={search_term_string}\"},\"query-input\":\"required name=search_term_string\"}],\"inLanguage\":\"de\"},{\"@type\":\"Organization\",\"@id\":\"https:\/\/denkraum42.de\/#organization\",\"name\":\"Denkraum 42\",\"url\":\"https:\/\/denkraum42.de\/\",\"logo\":{\"@type\":\"ImageObject\",\"inLanguage\":\"de\",\"@id\":\"https:\/\/denkraum42.de\/#\/schema\/logo\/image\/\",\"url\":\"https:\/\/denkraum42.de\/wp-content\/uploads\/2024\/05\/cropped-cropped-triskell-1193998_1920.png\",\"contentUrl\":\"https:\/\/denkraum42.de\/wp-content\/uploads\/2024\/05\/cropped-cropped-triskell-1193998_1920.png\",\"width\":250,\"height\":250,\"caption\":\"Denkraum 42\"},\"image\":{\"@id\":\"https:\/\/denkraum42.de\/#\/schema\/logo\/image\/\"}},{\"@type\":\"Person\",\"@id\":\"https:\/\/denkraum42.de\/#\/schema\/person\/ea008fe534c39d078e82e0cdb04eab9b\",\"name\":\"AlexandraStoehr\",\"image\":{\"@type\":\"ImageObject\",\"inLanguage\":\"de\",\"@id\":\"https:\/\/denkraum42.de\/#\/schema\/person\/image\/\",\"url\":\"https:\/\/secure.gravatar.com\/avatar\/60ec79ee6c7200ae79874c00c7fa664792ecae17cbcc5a996045018a5e69281f?s=96&d=mm&r=g\",\"contentUrl\":\"https:\/\/secure.gravatar.com\/avatar\/60ec79ee6c7200ae79874c00c7fa664792ecae17cbcc5a996045018a5e69281f?s=96&d=mm&r=g\",\"caption\":\"AlexandraStoehr\"},\"sameAs\":[\"https:\/\/denkraum42.de\"],\"url\":\"https:\/\/denkraum42.de\/?author=1\"}]}<\/script>\n<!-- \/ Yoast SEO plugin. -->","yoast_head_json":{"title":"Narratives Bewusstsein: Warum es jetzt wichtiger denn je ist, unser eigenes Bewusstsein zu hinterfragen - Denkraum 42","description":"In einer Welt voller Informationen und wechselnder Erz\u00e4hlungen ist es entscheidend, dass wir unser eigenes Bewusstsein hinterfragen. Das narrative Bewusstsein bietet uns die M\u00f6glichkeit, sowohl unsere pers\u00f6nlichen Geschichten als auch die gesellschaftlichen Narrative kritisch zu reflektieren. Indem wir uns mit diesen Narrativen auseinandersetzen, f\u00f6rdern wir nicht nur pers\u00f6nliches Wachstum und Resilienz, sondern tragen auch zu einem empathischeren und verst\u00e4ndnisvolleren Miteinander bei.","robots":{"index":"index","follow":"follow","max-snippet":"max-snippet:-1","max-image-preview":"max-image-preview:large","max-video-preview":"max-video-preview:-1"},"canonical":"https:\/\/denkraum42.de\/?p=597","og_locale":"de_DE","og_type":"article","og_title":"Narratives Bewusstsein: Warum es jetzt wichtiger denn je ist, unser eigenes Bewusstsein zu hinterfragen - Denkraum 42","og_description":"In einer Welt voller Informationen und wechselnder Erz\u00e4hlungen ist es entscheidend, dass wir unser eigenes Bewusstsein hinterfragen. Das narrative Bewusstsein bietet uns die M\u00f6glichkeit, sowohl unsere pers\u00f6nlichen Geschichten als auch die gesellschaftlichen Narrative kritisch zu reflektieren. Indem wir uns mit diesen Narrativen auseinandersetzen, f\u00f6rdern wir nicht nur pers\u00f6nliches Wachstum und Resilienz, sondern tragen auch zu einem empathischeren und verst\u00e4ndnisvolleren Miteinander bei.","og_url":"https:\/\/denkraum42.de\/?p=597","og_site_name":"Denkraum 42","article_published_time":"2025-03-20T11:49:37+00:00","article_modified_time":"2025-03-20T11:49:39+00:00","og_image":[{"width":1280,"height":854,"url":"https:\/\/denkraum42.de\/wp-content\/uploads\/2025\/03\/people-2566677_1280.jpg","type":"image\/jpeg"}],"author":"AlexandraStoehr","twitter_card":"summary_large_image","twitter_misc":{"Verfasst von":"AlexandraStoehr","Gesch\u00e4tzte Lesezeit":"4\u00a0Minuten"},"schema":{"@context":"https:\/\/schema.org","@graph":[{"@type":"Article","@id":"https:\/\/denkraum42.de\/?p=597#article","isPartOf":{"@id":"https:\/\/denkraum42.de\/?p=597"},"author":{"name":"AlexandraStoehr","@id":"https:\/\/denkraum42.de\/#\/schema\/person\/ea008fe534c39d078e82e0cdb04eab9b"},"headline":"Narratives Bewusstsein: Warum es jetzt wichtiger denn je ist, unser eigenes Bewusstsein zu hinterfragen","datePublished":"2025-03-20T11:49:37+00:00","dateModified":"2025-03-20T11:49:39+00:00","mainEntityOfPage":{"@id":"https:\/\/denkraum42.de\/?p=597"},"wordCount":597,"publisher":{"@id":"https:\/\/denkraum42.de\/#organization"},"image":{"@id":"https:\/\/denkraum42.de\/?p=597#primaryimage"},"thumbnailUrl":"https:\/\/denkraum42.de\/wp-content\/uploads\/2025\/03\/people-2566677_1280.jpg","keywords":["Entwicklung","F\u00fchrung","Pers\u00f6nlichkeit"],"articleSection":["Entwicklung"],"inLanguage":"de"},{"@type":"WebPage","@id":"https:\/\/denkraum42.de\/?p=597","url":"https:\/\/denkraum42.de\/?p=597","name":"Narratives Bewusstsein: Warum es jetzt wichtiger denn je ist, unser eigenes Bewusstsein zu hinterfragen - Denkraum 42","isPartOf":{"@id":"https:\/\/denkraum42.de\/#website"},"primaryImageOfPage":{"@id":"https:\/\/denkraum42.de\/?p=597#primaryimage"},"image":{"@id":"https:\/\/denkraum42.de\/?p=597#primaryimage"},"thumbnailUrl":"https:\/\/denkraum42.de\/wp-content\/uploads\/2025\/03\/people-2566677_1280.jpg","datePublished":"2025-03-20T11:49:37+00:00","dateModified":"2025-03-20T11:49:39+00:00","description":"In einer Welt voller Informationen und wechselnder Erz\u00e4hlungen ist es entscheidend, dass wir unser eigenes Bewusstsein hinterfragen. Das narrative Bewusstsein bietet uns die M\u00f6glichkeit, sowohl unsere pers\u00f6nlichen Geschichten als auch die gesellschaftlichen Narrative kritisch zu reflektieren. Indem wir uns mit diesen Narrativen auseinandersetzen, f\u00f6rdern wir nicht nur pers\u00f6nliches Wachstum und Resilienz, sondern tragen auch zu einem empathischeren und verst\u00e4ndnisvolleren Miteinander bei.","breadcrumb":{"@id":"https:\/\/denkraum42.de\/?p=597#breadcrumb"},"inLanguage":"de","potentialAction":[{"@type":"ReadAction","target":["https:\/\/denkraum42.de\/?p=597"]}]},{"@type":"ImageObject","inLanguage":"de","@id":"https:\/\/denkraum42.de\/?p=597#primaryimage","url":"https:\/\/denkraum42.de\/wp-content\/uploads\/2025\/03\/people-2566677_1280.jpg","contentUrl":"https:\/\/denkraum42.de\/wp-content\/uploads\/2025\/03\/people-2566677_1280.jpg","width":1280,"height":854},{"@type":"BreadcrumbList","@id":"https:\/\/denkraum42.de\/?p=597#breadcrumb","itemListElement":[{"@type":"ListItem","position":1,"name":"Startseite","item":"https:\/\/denkraum42.de\/"},{"@type":"ListItem","position":2,"name":"Narratives Bewusstsein: Warum es jetzt wichtiger denn je ist, unser eigenes Bewusstsein zu hinterfragen"}]},{"@type":"WebSite","@id":"https:\/\/denkraum42.de\/#website","url":"https:\/\/denkraum42.de\/","name":"Denkraum 42","description":"Echte Transformation und integraler Wandel. Entwicklung evolution\u00e4r gestalten.","publisher":{"@id":"https:\/\/denkraum42.de\/#organization"},"potentialAction":[{"@type":"SearchAction","target":{"@type":"EntryPoint","urlTemplate":"https:\/\/denkraum42.de\/?s={search_term_string}"},"query-input":"required name=search_term_string"}],"inLanguage":"de"},{"@type":"Organization","@id":"https:\/\/denkraum42.de\/#organization","name":"Denkraum 42","url":"https:\/\/denkraum42.de\/","logo":{"@type":"ImageObject","inLanguage":"de","@id":"https:\/\/denkraum42.de\/#\/schema\/logo\/image\/","url":"https:\/\/denkraum42.de\/wp-content\/uploads\/2024\/05\/cropped-cropped-triskell-1193998_1920.png","contentUrl":"https:\/\/denkraum42.de\/wp-content\/uploads\/2024\/05\/cropped-cropped-triskell-1193998_1920.png","width":250,"height":250,"caption":"Denkraum 42"},"image":{"@id":"https:\/\/denkraum42.de\/#\/schema\/logo\/image\/"}},{"@type":"Person","@id":"https:\/\/denkraum42.de\/#\/schema\/person\/ea008fe534c39d078e82e0cdb04eab9b","name":"AlexandraStoehr","image":{"@type":"ImageObject","inLanguage":"de","@id":"https:\/\/denkraum42.de\/#\/schema\/person\/image\/","url":"https:\/\/secure.gravatar.com\/avatar\/60ec79ee6c7200ae79874c00c7fa664792ecae17cbcc5a996045018a5e69281f?s=96&d=mm&r=g","contentUrl":"https:\/\/secure.gravatar.com\/avatar\/60ec79ee6c7200ae79874c00c7fa664792ecae17cbcc5a996045018a5e69281f?s=96&d=mm&r=g","caption":"AlexandraStoehr"},"sameAs":["https:\/\/denkraum42.de"],"url":"https:\/\/denkraum42.de\/?author=1"}]}},"_links":{"self":[{"href":"https:\/\/denkraum42.de\/index.php?rest_route=\/wp\/v2\/posts\/597","targetHints":{"allow":["GET"]}}],"collection":[{"href":"https:\/\/denkraum42.de\/index.php?rest_route=\/wp\/v2\/posts"}],"about":[{"href":"https:\/\/denkraum42.de\/index.php?rest_route=\/wp\/v2\/types\/post"}],"author":[{"embeddable":true,"href":"https:\/\/denkraum42.de\/index.php?rest_route=\/wp\/v2\/users\/1"}],"replies":[{"embeddable":true,"href":"https:\/\/denkraum42.de\/index.php?rest_route=%2Fwp%2Fv2%2Fcomments&post=597"}],"version-history":[{"count":1,"href":"https:\/\/denkraum42.de\/index.php?rest_route=\/wp\/v2\/posts\/597\/revisions"}],"predecessor-version":[{"id":599,"href":"https:\/\/denkraum42.de\/index.php?rest_route=\/wp\/v2\/posts\/597\/revisions\/599"}],"wp:featuredmedia":[{"embeddable":true,"href":"https:\/\/denkraum42.de\/index.php?rest_route=\/wp\/v2\/media\/598"}],"wp:attachment":[{"href":"https:\/\/denkraum42.de\/index.php?rest_route=%2Fwp%2Fv2%2Fmedia&parent=597"}],"wp:term":[{"taxonomy":"category","embeddable":true,"href":"https:\/\/denkraum42.de\/index.php?rest_route=%2Fwp%2Fv2%2Fcategories&post=597"},{"taxonomy":"post_tag","embeddable":true,"href":"https:\/\/denkraum42.de\/index.php?rest_route=%2Fwp%2Fv2%2Ftags&post=597"}],"curies":[{"name":"wp","href":"https:\/\/api.w.org\/{rel}","templated":true}]}}